{"id":15073086,"date":"2026-03-27T16:51:40","date_gmt":"2026-03-27T20:51:40","guid":{"rendered":"https:\/\/www.inthacity.com\/news\/quebec-veut-renforcer-le-role-des-clsc\/"},"modified":"2026-03-29T04:48:17","modified_gmt":"2026-03-29T08:48:17","slug":"quebec-veut-renforcer-le-role-des-clsc","status":"publish","type":"post","link":"https:\/\/www.inthacity.com\/news\/quebec-veut-renforcer-le-role-des-clsc\/","title":{"rendered":"Qu\u00e9bec veut renforcer le r\u00f4le des CLSC"},"content":{"rendered":"<p>La ministre de la Sant\u00e9, Sonia B\u00e9langer, veut que les CLSC deviennent la principale porte d&#8217;entr\u00e9e du r\u00e9seau. Le lieutenant du Qu\u00e9bec, Jo\u00ebl Lightbound, tente de calmer le jeu sur le financement du tramway. La Coupe du monde de snowboard cross pr\u00e9sent\u00e9e ce week-end au Mont-Sainte-Anne pourrait \u00eatre la derni\u00e8re \u00e9dition de l&#8217;\u00e9v\u00e9nement.<\/p>\n<p class=\"inmi-source\">Source: <a href=\"https:\/\/ici.radio-canada.ca\/info\/videos\/1-10628619\/quebec-veut-renforcer-role-clsc\" target=\"_blank\" rel=\"noopener nofollow\">Canada \u2013 Quebec \u2013 Radio Canada<\/a><\/p>\n","protected":false},"excerpt":{"rendered":"<p>La ministre de la Sant\u00e9, Sonia B\u00e9langer, veut que les CLSC deviennent la principale porte d&#8217;entr\u00e9e du r\u00e9seau. Le lieutenant du Qu\u00e9bec, Jo\u00ebl Lightbound, tente de calmer le jeu sur le financement du tramway. La Coupe du monde de snowboard\u2026<\/p>\n","protected":false},"author":1,"featured_media":15075880,"comment_status":"open","ping_status":"open","sticky":false,"template":"","format":"standard","meta":{"inline_featured_image":false,"footnotes":""},"categories":[199],"tags":[],"class_list":["post-15073086","post","type-post","status-publish","format-standard","has-post-thumbnail","hentry","category-travel"],"featured_image_urls":{"full":["https:\/\/www.inthacity.com\/news\/wp-content\/uploads\/2026\/03\/15073086-assemblee-national-entree-du-conseil-des-ministres-sur-la-photo-gauche-a-droite-sonia-belanger-photo-prise-a-lassemblee-nationale-quebec-canada-le-25-mars-2026_03252026-photo-sylvain-roy-roussel-72153.jpg",635,357,false],"thumbnail":["https:\/\/www.inthacity.com\/news\/wp-content\/uploads\/2026\/03\/15073086-assemblee-national-entree-du-conseil-des-ministres-sur-la-photo-gauche-a-droite-sonia-belanger-photo-prise-a-lassemblee-nationale-quebec-canada-le-25-mars-2026_03252026-photo-sylvain-roy-roussel-72153-300x169.jpg",300,169,true],"medium":["https:\/\/www.inthacity.com\/news\/wp-content\/uploads\/2026\/03\/15073086-assemblee-national-entree-du-conseil-des-ministres-sur-la-photo-gauche-a-droite-sonia-belanger-photo-prise-a-lassemblee-nationale-quebec-canada-le-25-mars-2026_03252026-photo-sylvain-roy-roussel-72153-620x349.jpg",620,349,true],"medium_large":["https:\/\/www.inthacity.com\/news\/wp-content\/uploads\/2026\/03\/15073086-assemblee-national-entree-du-conseil-des-ministres-sur-la-photo-gauche-a-droite-sonia-belanger-photo-prise-a-lassemblee-nationale-quebec-canada-le-25-mars-2026_03252026-photo-sylvain-roy-roussel-72153.jpg",635,357,false],"large":["https:\/\/www.inthacity.com\/news\/wp-content\/uploads\/2026\/03\/15073086-assemblee-national-entree-du-conseil-des-ministres-sur-la-photo-gauche-a-droite-sonia-belanger-photo-prise-a-lassemblee-nationale-quebec-canada-le-25-mars-2026_03252026-photo-sylvain-roy-roussel-72153.jpg",635,357,false],"1536x1536":["https:\/\/www.inthacity.com\/news\/wp-content\/uploads\/2026\/03\/15073086-assemblee-national-entree-du-conseil-des-ministres-sur-la-photo-gauche-a-droite-sonia-belanger-photo-prise-a-lassemblee-nationale-quebec-canada-le-25-mars-2026_03252026-photo-sylvain-roy-roussel-72153.jpg",635,357,false],"2048x2048":["https:\/\/www.inthacity.com\/news\/wp-content\/uploads\/2026\/03\/15073086-assemblee-national-entree-du-conseil-des-ministres-sur-la-photo-gauche-a-droite-sonia-belanger-photo-prise-a-lassemblee-nationale-quebec-canada-le-25-mars-2026_03252026-photo-sylvain-roy-roussel-72153.jpg",635,357,false],"post-thumbnail":["https:\/\/www.inthacity.com\/news\/wp-content\/uploads\/2026\/03\/15073086-assemblee-national-entree-du-conseil-des-ministres-sur-la-photo-gauche-a-droite-sonia-belanger-photo-prise-a-lassemblee-nationale-quebec-canada-le-25-mars-2026_03252026-photo-sylvain-roy-roussel-72153.jpg",635,357,false],"ignition_item":["https:\/\/www.inthacity.com\/news\/wp-content\/uploads\/2026\/03\/15073086-assemblee-national-entree-du-conseil-des-ministres-sur-la-photo-gauche-a-droite-sonia-belanger-photo-prise-a-lassemblee-nationale-quebec-canada-le-25-mars-2026_03252026-photo-sylvain-roy-roussel-72153.jpg",635,357,false],"ignition_item_lg":["https:\/\/www.inthacity.com\/news\/wp-content\/uploads\/2026\/03\/15073086-assemblee-national-entree-du-conseil-des-ministres-sur-la-photo-gauche-a-droite-sonia-belanger-photo-prise-a-lassemblee-nationale-quebec-canada-le-25-mars-2026_03252026-photo-sylvain-roy-roussel-72153.jpg",635,357,false],"ignition_article_media":["https:\/\/www.inthacity.com\/news\/wp-content\/uploads\/2026\/03\/15073086-assemblee-national-entree-du-conseil-des-ministres-sur-la-photo-gauche-a-droite-sonia-belanger-photo-prise-a-lassemblee-nationale-quebec-canada-le-25-mars-2026_03252026-photo-sylvain-roy-roussel-72153-510x357.jpg",510,357,true],"ignition_minicart_item":["https:\/\/www.inthacity.com\/news\/wp-content\/uploads\/2026\/03\/15073086-assemblee-national-entree-du-conseil-des-ministres-sur-la-photo-gauche-a-droite-sonia-belanger-photo-prise-a-lassemblee-nationale-quebec-canada-le-25-mars-2026_03252026-photo-sylvain-roy-roussel-72153-160x160.jpg",160,160,true],"profile_24":["https:\/\/www.inthacity.com\/news\/wp-content\/uploads\/2026\/03\/15073086-assemblee-national-entree-du-conseil-des-ministres-sur-la-photo-gauche-a-droite-sonia-belanger-photo-prise-a-lassemblee-nationale-quebec-canada-le-25-mars-2026_03252026-photo-sylvain-roy-roussel-72153.jpg",24,13,false],"profile_48":["https:\/\/www.inthacity.com\/news\/wp-content\/uploads\/2026\/03\/15073086-assemblee-national-entree-du-conseil-des-ministres-sur-la-photo-gauche-a-droite-sonia-belanger-photo-prise-a-lassemblee-nationale-quebec-canada-le-25-mars-2026_03252026-photo-sylvain-roy-roussel-72153.jpg",48,27,false],"profile_96":["https:\/\/www.inthacity.com\/news\/wp-content\/uploads\/2026\/03\/15073086-assemblee-national-entree-du-conseil-des-ministres-sur-la-photo-gauche-a-droite-sonia-belanger-photo-prise-a-lassemblee-nationale-quebec-canada-le-25-mars-2026_03252026-photo-sylvain-roy-roussel-72153.jpg",96,54,false],"profile_150":["https:\/\/www.inthacity.com\/news\/wp-content\/uploads\/2026\/03\/15073086-assemblee-national-entree-du-conseil-des-ministres-sur-la-photo-gauche-a-droite-sonia-belanger-photo-prise-a-lassemblee-nationale-quebec-canada-le-25-mars-2026_03252026-photo-sylvain-roy-roussel-72153.jpg",150,84,false],"profile_300":["https:\/\/www.inthacity.com\/news\/wp-content\/uploads\/2026\/03\/15073086-assemblee-national-entree-du-conseil-des-ministres-sur-la-photo-gauche-a-droite-sonia-belanger-photo-prise-a-lassemblee-nationale-quebec-canada-le-25-mars-2026_03252026-photo-sylvain-roy-roussel-72153.jpg",300,169,false]},"author_info":{"display_name":"news.iNthacity","author_link":"https:\/\/www.inthacity.com\/news\/author\/atombo\/"},"category_info":"<a href=\"https:\/\/www.inthacity.com\/news\/articles\/travel\/\" rel=\"category tag\">Travel<\/a>","tag_info":"Travel","comment_count":"0","_links":{"self":[{"href":"https:\/\/www.inthacity.com\/news\/wp-json\/wp\/v2\/posts\/15073086","targetHints":{"allow":["GET"]}}],"collection":[{"href":"https:\/\/www.inthacity.com\/news\/wp-json\/wp\/v2\/posts"}],"about":[{"href":"https:\/\/www.inthacity.com\/news\/wp-json\/wp\/v2\/types\/post"}],"author":[{"embeddable":true,"href":"https:\/\/www.inthacity.com\/news\/wp-json\/wp\/v2\/users\/1"}],"replies":[{"embeddable":true,"href":"https:\/\/www.inthacity.com\/news\/wp-json\/wp\/v2\/comments?post=15073086"}],"version-history":[{"count":1,"href":"https:\/\/www.inthacity.com\/news\/wp-json\/wp\/v2\/posts\/15073086\/revisions"}],"predecessor-version":[{"id":15075879,"href":"https:\/\/www.inthacity.com\/news\/wp-json\/wp\/v2\/posts\/15073086\/revisions\/15075879"}],"wp:featuredmedia":[{"embeddable":true,"href":"https:\/\/www.inthacity.com\/news\/wp-json\/wp\/v2\/media\/15075880"}],"wp:attachment":[{"href":"https:\/\/www.inthacity.com\/news\/wp-json\/wp\/v2\/media?parent=15073086"}],"wp:term":[{"taxonomy":"category","embeddable":true,"href":"https:\/\/www.inthacity.com\/news\/wp-json\/wp\/v2\/categories?post=15073086"},{"taxonomy":"post_tag","embeddable":true,"href":"https:\/\/www.inthacity.com\/news\/wp-json\/wp\/v2\/tags?post=15073086"}],"curies":[{"name":"wp","href":"https:\/\/api.w.org\/{rel}","templated":true}]}}