{"id":15093013,"date":"2026-04-02T00:35:33","date_gmt":"2026-04-02T04:35:33","guid":{"rendered":"https:\/\/www.inthacity.com\/news\/une-greve-de-cinq-jours-evitee-dans-une-rpa-de-levis\/"},"modified":"2026-04-02T02:00:27","modified_gmt":"2026-04-02T06:00:27","slug":"une-greve-de-cinq-jours-evitee-dans-une-rpa-de-levis","status":"publish","type":"post","link":"https:\/\/www.inthacity.com\/news\/une-greve-de-cinq-jours-evitee-dans-une-rpa-de-levis\/","title":{"rendered":"Une gr\u00e8ve de cinq jours \u00e9vit\u00e9e dans une RPA de L\u00e9vis"},"content":{"rendered":"<p>Le syndicat a confirm\u00e9 la soumission par le conciliateur d&#x27;une \u00ab&nbsp;hypoth\u00e8se d&#x27;entente de principe&nbsp;\u00bb.<\/p>\n<p class=\"inmi-source\">Source: <a href=\"https:\/\/ici.radio-canada.ca\/nouvelle\/2243219\/greve-rpa-marronniers-levis\" target=\"_blank\" rel=\"noopener nofollow\">Canada \u2013 Quebec \u2013 Radio Canada<\/a><\/p>\n","protected":false},"excerpt":{"rendered":"<p>Le syndicat a confirm\u00e9 la soumission par le conciliateur d&#x27;une \u00ab&nbsp;hypoth\u00e8se d&#x27;entente de principe&nbsp;\u00bb.<\/p>\n","protected":false},"author":1,"featured_media":15093015,"comment_status":"open","ping_status":"open","sticky":false,"template":"","format":"standard","meta":{"inline_featured_image":false,"footnotes":""},"categories":[114],"tags":[],"class_list":["post-15093013","post","type-post","status-publish","format-standard","has-post-thumbnail","hentry","category-quebec"],"featured_image_urls":{"full":["https:\/\/www.inthacity.com\/news\/wp-content\/uploads\/2026\/04\/15093013-greve-rpa-marronniers-levis-28366.jpg",635,357,false],"thumbnail":["https:\/\/www.inthacity.com\/news\/wp-content\/uploads\/2026\/04\/15093013-greve-rpa-marronniers-levis-28366-300x169.jpg",300,169,true],"medium":["https:\/\/www.inthacity.com\/news\/wp-content\/uploads\/2026\/04\/15093013-greve-rpa-marronniers-levis-28366-620x349.jpg",620,349,true],"medium_large":["https:\/\/www.inthacity.com\/news\/wp-content\/uploads\/2026\/04\/15093013-greve-rpa-marronniers-levis-28366.jpg",635,357,false],"large":["https:\/\/www.inthacity.com\/news\/wp-content\/uploads\/2026\/04\/15093013-greve-rpa-marronniers-levis-28366.jpg",635,357,false],"1536x1536":["https:\/\/www.inthacity.com\/news\/wp-content\/uploads\/2026\/04\/15093013-greve-rpa-marronniers-levis-28366.jpg",635,357,false],"2048x2048":["https:\/\/www.inthacity.com\/news\/wp-content\/uploads\/2026\/04\/15093013-greve-rpa-marronniers-levis-28366.jpg",635,357,false],"post-thumbnail":["https:\/\/www.inthacity.com\/news\/wp-content\/uploads\/2026\/04\/15093013-greve-rpa-marronniers-levis-28366.jpg",635,357,false],"ignition_item":["https:\/\/www.inthacity.com\/news\/wp-content\/uploads\/2026\/04\/15093013-greve-rpa-marronniers-levis-28366.jpg",635,357,false],"ignition_item_lg":["https:\/\/www.inthacity.com\/news\/wp-content\/uploads\/2026\/04\/15093013-greve-rpa-marronniers-levis-28366.jpg",635,357,false],"ignition_article_media":["https:\/\/www.inthacity.com\/news\/wp-content\/uploads\/2026\/04\/15093013-greve-rpa-marronniers-levis-28366-510x357.jpg",510,357,true],"ignition_minicart_item":["https:\/\/www.inthacity.com\/news\/wp-content\/uploads\/2026\/04\/15093013-greve-rpa-marronniers-levis-28366-160x160.jpg",160,160,true],"profile_24":["https:\/\/www.inthacity.com\/news\/wp-content\/uploads\/2026\/04\/15093013-greve-rpa-marronniers-levis-28366.jpg",24,13,false],"profile_48":["https:\/\/www.inthacity.com\/news\/wp-content\/uploads\/2026\/04\/15093013-greve-rpa-marronniers-levis-28366.jpg",48,27,false],"profile_96":["https:\/\/www.inthacity.com\/news\/wp-content\/uploads\/2026\/04\/15093013-greve-rpa-marronniers-levis-28366.jpg",96,54,false],"profile_150":["https:\/\/www.inthacity.com\/news\/wp-content\/uploads\/2026\/04\/15093013-greve-rpa-marronniers-levis-28366.jpg",150,84,false],"profile_300":["https:\/\/www.inthacity.com\/news\/wp-content\/uploads\/2026\/04\/15093013-greve-rpa-marronniers-levis-28366.jpg",300,169,false]},"author_info":{"display_name":"news.iNthacity","author_link":"https:\/\/www.inthacity.com\/news\/author\/atombo\/"},"category_info":"<a href=\"https:\/\/www.inthacity.com\/news\/articles\/news\/canada\/quebec\/\" rel=\"category tag\">Quebec<\/a>","tag_info":"Quebec","comment_count":"0","_links":{"self":[{"href":"https:\/\/www.inthacity.com\/news\/wp-json\/wp\/v2\/posts\/15093013","targetHints":{"allow":["GET"]}}],"collection":[{"href":"https:\/\/www.inthacity.com\/news\/wp-json\/wp\/v2\/posts"}],"about":[{"href":"https:\/\/www.inthacity.com\/news\/wp-json\/wp\/v2\/types\/post"}],"author":[{"embeddable":true,"href":"https:\/\/www.inthacity.com\/news\/wp-json\/wp\/v2\/users\/1"}],"replies":[{"embeddable":true,"href":"https:\/\/www.inthacity.com\/news\/wp-json\/wp\/v2\/comments?post=15093013"}],"version-history":[{"count":1,"href":"https:\/\/www.inthacity.com\/news\/wp-json\/wp\/v2\/posts\/15093013\/revisions"}],"predecessor-version":[{"id":15093014,"href":"https:\/\/www.inthacity.com\/news\/wp-json\/wp\/v2\/posts\/15093013\/revisions\/15093014"}],"wp:featuredmedia":[{"embeddable":true,"href":"https:\/\/www.inthacity.com\/news\/wp-json\/wp\/v2\/media\/15093015"}],"wp:attachment":[{"href":"https:\/\/www.inthacity.com\/news\/wp-json\/wp\/v2\/media?parent=15093013"}],"wp:term":[{"taxonomy":"category","embeddable":true,"href":"https:\/\/www.inthacity.com\/news\/wp-json\/wp\/v2\/categories?post=15093013"},{"taxonomy":"post_tag","embeddable":true,"href":"https:\/\/www.inthacity.com\/news\/wp-json\/wp\/v2\/tags?post=15093013"}],"curies":[{"name":"wp","href":"https:\/\/api.w.org\/{rel}","templated":true}]}}