{"id":15099997,"date":"2026-04-06T05:30:00","date_gmt":"2026-04-06T09:30:00","guid":{"rendered":"https:\/\/www.inthacity.com\/news\/40-contemporary-architectural-works-across-ecuador-captured-by-francesco-russo-and-luca-piffaretti\/"},"modified":"2026-04-06T08:00:09","modified_gmt":"2026-04-06T12:00:09","slug":"40-contemporary-architectural-works-across-ecuador-captured-by-francesco-russo-and-luca-piffaretti","status":"publish","type":"post","link":"https:\/\/www.inthacity.com\/news\/40-contemporary-architectural-works-across-ecuador-captured-by-francesco-russo-and-luca-piffaretti\/","title":{"rendered":"40+ Contemporary Architectural Works Across Ecuador Captured by Francesco Russo and Luca Piffaretti"},"content":{"rendered":"<figure>\n  <a href=\"https:\/\/www.archdaily.com\/1040356\/40-plus-contemporary-architectural-works-across-ecuador-captured-by-francesco-russo-and-luca-piffaretti\/69d03a05ae7d2901886169f8-40-plus-contemporary-architectural-works-across-ecuador-captured-by-francesco-russo-and-luca-piffaretti-photo\" rel=\"attachment\" title=\"featured_image\"><br \/>\n    <img decoding=\"async\" title=\"Mirador de Cristal, Daniel Moreno Flores + Javier Mera Luna + Jorge Javier Andrade Ben\u00edtez, Quilotoa, 2013. Image \u00a9 Francesco Russo\" src=\"https:\/\/images.adsttc.com\/media\/images\/69d0\/3a05\/ae7d\/2901\/8861\/69f8\/medium_jpg\/40-emblematic-architectural-works-in-ecuador-captured-by-francesco-russo-and-luca-piffaretti_19.jpg?1775254039\" alt=\"Mirador de Cristal, Daniel Moreno Flores + Javier Mera Luna + Jorge Javier Andrade Ben\u00edtez, Quilotoa, 2013. Image \u00a9 Francesco Russo\" \/><br \/>\n  <\/a><br \/>\n  <small>Mirador de Cristal, Daniel Moreno Flores + Javier Mera Luna + Jorge Javier Andrade Ben\u00edtez, Quilotoa, 2013. Image \u00a9 Francesco Russo<\/small><br \/>\n<\/figure>\n<p><p>Between 2023 and 2024, photographers <a href=\"https:\/\/www.archdaily.com\/tag\/francesco-russo\">Francesco Russo<\/a> and Luca Piffaretti documented architecture and landscapes across Ecuador&#8217;s coast, <a href=\"https:\/\/www.archdaily.com\/tag\/andes\" target=\"_blank\" rel=\"noopener\">the Andes<\/a> Mountains, <a href=\"https:\/\/www.archdaily.com\/1015837\/amazonian-cities-what-it-is-like-to-live-close-to-the-largest-tropical-rainforest-on-the-planet\" target=\"_blank\" rel=\"noopener\">the Amazon rainforest<\/a>, <a href=\"https:\/\/www.archdaily.com\/802383\/permanently-unfinished-the-evolution-of-architecture-in-the-galapagos-islands\" target=\"_blank\" rel=\"noopener\">the Gal\u00e1pagos Islands<\/a>, and cities such as <a href=\"https:\/\/www.archdaily.com\/city\/quito\" target=\"_blank\" rel=\"noopener\">Quito<\/a>, <a href=\"https:\/\/www.archdaily.com\/city\/guayaquil\" target=\"_blank\" rel=\"noopener\">Guayaquil<\/a>, and <a href=\"https:\/\/www.archdaily.com\/city\/cuenca\" target=\"_blank\" rel=\"noopener\">Cuenca<\/a>. The photographic documentation explores Ecuador&#8217;s evolving identity through its contemporary architecture, examining how it engages with natural surroundings, urban conditions, and social contexts. The resulting archive includes more than 40 projects by renowned local practices such as<a href=\"https:\/\/www.archdaily.com\/office\/al-borde\" target=\"_blank\" rel=\"noopener\"> Al Borde<\/a>, <a href=\"https:\/\/www.archdaily.com\/office\/duran-hermida-arquitectos-asociados\" target=\"_blank\" rel=\"noopener\">Dur\u00e1n &amp; Hermida<\/a>, <a href=\"https:\/\/www.archdaily.com\/office\/emilio-lopez-arquitecto\" target=\"_blank\" rel=\"noopener\">Emilio L\u00f3pez<\/a>, Jos\u00e9 Mar\u00eda S\u00e1ez, <a href=\"https:\/\/www.archdaily.com\/office\/la-cabina-de-la-curiosidad\" target=\"_blank\" rel=\"noopener\">La Cabina de la Curiosidad<\/a>, <a href=\"https:\/\/www.archdaily.cl\/cl\/tag\/mcm-mas-a\" target=\"_blank\" rel=\"noopener\">MCM+A<\/a>, <a href=\"https:\/\/www.archdaily.com\/office\/natura-futura\" target=\"_blank\" rel=\"noopener\">Natura Futura<\/a>, and <a href=\"https:\/\/www.archdaily.com\/office\/rama-estudio\" target=\"_blank\" rel=\"noopener\">RAMA Estudio<\/a>, among many others. The selection demonstrates how architecture can create high-quality spaces that respond to contemporary demands for sustainability and environmental responsibility by combining creativity and technology with renewable resources, despite ongoing economic, climatic, and political challenges in <a href=\"https:\/\/www.archdaily.com\/tag\/latin-america\" target=\"_blank\" rel=\"noopener\">Latin America<\/a> and beyond.<\/p>\n<\/p>\n<p><a href=\"https:\/\/www.archdaily.com\/1040356\/40-plus-contemporary-architectural-works-across-ecuador-captured-by-francesco-russo-and-luca-piffaretti\">Read more \u00bb<\/a><\/p>\n<p class=\"inmi-source\">Source: <a href=\"https:\/\/www.archdaily.com\/1040356\/40-plus-contemporary-architectural-works-across-ecuador-captured-by-francesco-russo-and-luca-piffaretti\" target=\"_blank\" rel=\"noopener nofollow\">Photos \u2013 archdaily<\/a><\/p>\n","protected":false},"excerpt":{"rendered":"<p>Between 2023 and 2024, photographers Francesco Russo and Luca Piffaretti documented architecture and landscapes across Ecuador&#8217;s coast, the Andes Mountains, the Amazon rainforest, the Gal\u00e1pagos Islands, and cities such as Quito, Guayaquil, and Cuenca. The photographic documentation explores Ecuador&#8217;s evolving\u2026<\/p>\n","protected":false},"author":1,"featured_media":15099999,"comment_status":"open","ping_status":"open","sticky":false,"template":"","format":"standard","meta":{"inline_featured_image":false,"footnotes":""},"categories":[209],"tags":[],"class_list":["post-15099997","post","type-post","status-publish","format-standard","has-post-thumbnail","hentry","category-photos"],"featured_image_urls":{"full":["https:\/\/www.inthacity.com\/news\/wp-content\/uploads\/2026\/04\/15099997-40-emblematic-architectural-works-in-ecuador-captured-by-francesco-russo-and-luca-piffaretti_19.jpg",528,352,false],"thumbnail":["https:\/\/www.inthacity.com\/news\/wp-content\/uploads\/2026\/04\/15099997-40-emblematic-architectural-works-in-ecuador-captured-by-francesco-russo-and-luca-piffaretti_19-300x200.jpg",300,200,true],"medium":["https:\/\/www.inthacity.com\/news\/wp-content\/uploads\/2026\/04\/15099997-40-emblematic-architectural-works-in-ecuador-captured-by-francesco-russo-and-luca-piffaretti_19.jpg",528,352,false],"medium_large":["https:\/\/www.inthacity.com\/news\/wp-content\/uploads\/2026\/04\/15099997-40-emblematic-architectural-works-in-ecuador-captured-by-francesco-russo-and-luca-piffaretti_19.jpg",528,352,false],"large":["https:\/\/www.inthacity.com\/news\/wp-content\/uploads\/2026\/04\/15099997-40-emblematic-architectural-works-in-ecuador-captured-by-francesco-russo-and-luca-piffaretti_19.jpg",528,352,false],"1536x1536":["https:\/\/www.inthacity.com\/news\/wp-content\/uploads\/2026\/04\/15099997-40-emblematic-architectural-works-in-ecuador-captured-by-francesco-russo-and-luca-piffaretti_19.jpg",528,352,false],"2048x2048":["https:\/\/www.inthacity.com\/news\/wp-content\/uploads\/2026\/04\/15099997-40-emblematic-architectural-works-in-ecuador-captured-by-francesco-russo-and-luca-piffaretti_19.jpg",528,352,false],"post-thumbnail":["https:\/\/www.inthacity.com\/news\/wp-content\/uploads\/2026\/04\/15099997-40-emblematic-architectural-works-in-ecuador-captured-by-francesco-russo-and-luca-piffaretti_19.jpg",528,352,false],"ignition_item":["https:\/\/www.inthacity.com\/news\/wp-content\/uploads\/2026\/04\/15099997-40-emblematic-architectural-works-in-ecuador-captured-by-francesco-russo-and-luca-piffaretti_19.jpg",528,352,false],"ignition_item_lg":["https:\/\/www.inthacity.com\/news\/wp-content\/uploads\/2026\/04\/15099997-40-emblematic-architectural-works-in-ecuador-captured-by-francesco-russo-and-luca-piffaretti_19.jpg",528,352,false],"ignition_article_media":["https:\/\/www.inthacity.com\/news\/wp-content\/uploads\/2026\/04\/15099997-40-emblematic-architectural-works-in-ecuador-captured-by-francesco-russo-and-luca-piffaretti_19-510x352.jpg",510,352,true],"ignition_minicart_item":["https:\/\/www.inthacity.com\/news\/wp-content\/uploads\/2026\/04\/15099997-40-emblematic-architectural-works-in-ecuador-captured-by-francesco-russo-and-luca-piffaretti_19-160x160.jpg",160,160,true],"profile_24":["https:\/\/www.inthacity.com\/news\/wp-content\/uploads\/2026\/04\/15099997-40-emblematic-architectural-works-in-ecuador-captured-by-francesco-russo-and-luca-piffaretti_19.jpg",24,16,false],"profile_48":["https:\/\/www.inthacity.com\/news\/wp-content\/uploads\/2026\/04\/15099997-40-emblematic-architectural-works-in-ecuador-captured-by-francesco-russo-and-luca-piffaretti_19.jpg",48,32,false],"profile_96":["https:\/\/www.inthacity.com\/news\/wp-content\/uploads\/2026\/04\/15099997-40-emblematic-architectural-works-in-ecuador-captured-by-francesco-russo-and-luca-piffaretti_19.jpg",96,64,false],"profile_150":["https:\/\/www.inthacity.com\/news\/wp-content\/uploads\/2026\/04\/15099997-40-emblematic-architectural-works-in-ecuador-captured-by-francesco-russo-and-luca-piffaretti_19.jpg",150,100,false],"profile_300":["https:\/\/www.inthacity.com\/news\/wp-content\/uploads\/2026\/04\/15099997-40-emblematic-architectural-works-in-ecuador-captured-by-francesco-russo-and-luca-piffaretti_19.jpg",300,200,false]},"author_info":{"display_name":"news.iNthacity","author_link":"https:\/\/www.inthacity.com\/news\/author\/atombo\/"},"category_info":"<a href=\"https:\/\/www.inthacity.com\/news\/articles\/photos\/\" rel=\"category tag\">Photos<\/a>","tag_info":"Photos","comment_count":"0","_links":{"self":[{"href":"https:\/\/www.inthacity.com\/news\/wp-json\/wp\/v2\/posts\/15099997","targetHints":{"allow":["GET"]}}],"collection":[{"href":"https:\/\/www.inthacity.com\/news\/wp-json\/wp\/v2\/posts"}],"about":[{"href":"https:\/\/www.inthacity.com\/news\/wp-json\/wp\/v2\/types\/post"}],"author":[{"embeddable":true,"href":"https:\/\/www.inthacity.com\/news\/wp-json\/wp\/v2\/users\/1"}],"replies":[{"embeddable":true,"href":"https:\/\/www.inthacity.com\/news\/wp-json\/wp\/v2\/comments?post=15099997"}],"version-history":[{"count":1,"href":"https:\/\/www.inthacity.com\/news\/wp-json\/wp\/v2\/posts\/15099997\/revisions"}],"predecessor-version":[{"id":15099998,"href":"https:\/\/www.inthacity.com\/news\/wp-json\/wp\/v2\/posts\/15099997\/revisions\/15099998"}],"wp:featuredmedia":[{"embeddable":true,"href":"https:\/\/www.inthacity.com\/news\/wp-json\/wp\/v2\/media\/15099999"}],"wp:attachment":[{"href":"https:\/\/www.inthacity.com\/news\/wp-json\/wp\/v2\/media?parent=15099997"}],"wp:term":[{"taxonomy":"category","embeddable":true,"href":"https:\/\/www.inthacity.com\/news\/wp-json\/wp\/v2\/categories?post=15099997"},{"taxonomy":"post_tag","embeddable":true,"href":"https:\/\/www.inthacity.com\/news\/wp-json\/wp\/v2\/tags?post=15099997"}],"curies":[{"name":"wp","href":"https:\/\/api.w.org\/{rel}","templated":true}]}}